{"id":998,"date":"2023-09-24T09:00:25","date_gmt":"2023-09-24T07:00:25","guid":{"rendered":"https:\/\/akademiainzynierska.pl\/?p=998"},"modified":"2023-09-24T10:50:06","modified_gmt":"2023-09-24T08:50:06","slug":"smutna-wiadomosc-o-smierci-prof-jozefa-wojnarowskiego","status":"publish","type":"post","link":"https:\/\/akademiainzynierska.pl\/index.php\/2023\/09\/24\/smutna-wiadomosc-o-smierci-prof-jozefa-wojnarowskiego\/","title":{"rendered":"Smutna wiadomo\u015b\u0107 o \u015bmierci prof. J\u00f3zefa Wojnarowskiego"},"content":{"rendered":"\n<p><\/p>\n\n\n\n<p>Z ogromnym \u017aalem przyj\u0105\u0142em wiadomo\u015b\u0107 o \u015bmierci prof. J\u00f3zefa Wojnarowskiego wybitnego naukowca, wieloletniego cz\u0142onka Akademii In\u017cynierskiej w Polsce. Kilka miesi\u0119cy temu na spotkaniu w Politechnice \u015al\u0105skiej \u015bwi\u0119towali\u015bmy Jego 90 urodziny. Biogram Profesora oraz informacja o pogrzebie znajduje si\u0119&nbsp; na stronie Politechniki \u015al\u0105skiej&nbsp;<\/p>\n\n\n\n<p><a href=\"https:\/\/www.polsl.pl\/ps_aktualnosci\/zmarl-prof-jozef-wojnarowski\/\">https:\/\/www.polsl.pl\/ps_aktualnosci\/zmarl-prof-jozef-wojnarowski\/<\/a><\/p>\n\n\n\n<p>Nekrolog:<\/p>\n\n\n\n<figure class=\"wp-block-embed is-type-wp-embed is-provider-starosadeckie-info wp-block-embed-starosadeckie-info\"><div class=\"wp-block-embed__wrapper\">\n<blockquote class=\"wp-embedded-content\" data-secret=\"p3kaMVKykI\"><a href=\"https:\/\/www.starosadeckie.info\/z-ostatniej-chwili\/sp-jozef-wojnarowski-cyganowice\/\">\u015ap. J\u00f3zef Wojnarowski, Cyganowice<\/a><\/blockquote><iframe loading=\"lazy\" class=\"wp-embedded-content\" sandbox=\"allow-scripts\" security=\"restricted\" style=\"position: absolute; clip: rect(1px, 1px, 1px, 1px);\" title=\"&#8222;\u015ap. J\u00f3zef Wojnarowski, Cyganowice&#8221; &#8212; Starosadeckie.info\" src=\"https:\/\/www.starosadeckie.info\/z-ostatniej-chwili\/sp-jozef-wojnarowski-cyganowice\/embed\/#?secret=p3kaMVKykI\" data-secret=\"p3kaMVKykI\" width=\"500\" height=\"282\" frameborder=\"0\" marginwidth=\"0\" marginheight=\"0\" scrolling=\"no\"><\/iframe>\n<\/div><figcaption class=\"wp-element-caption\">https:\/\/www.starosadeckie.info\/z-ostatniej-chwili\/sp-jozef-wojnarowski-cyganowice\/<\/figcaption><\/figure>\n\n\n\n<p>Pozostanie w naszej wdzi\u0119cznej pami\u0119ci.<\/p>\n\n\n\n<p>Prezes AIP Jerzy Barglik<\/p>\n","protected":false},"excerpt":{"rendered":"<p>Z ogromnym \u017aalem przyj\u0105\u0142em wiadomo\u015b\u0107 o \u015bmierci prof. J\u00f3zefa Wojnarowskiego wybitnego naukowca, wieloletniego cz\u0142onka Akademii In\u017cynierskiej w Polsce. Kilka miesi\u0119cy temu na spotkaniu w Politechnice&#8230;<\/p>\n","protected":false},"author":2,"featured_media":0,"comment_status":"closed","ping_status":"closed","sticky":false,"template":"","format":"standard","meta":{"footnotes":""},"categories":[1],"tags":[],"class_list":["post-998","post","type-post","status-publish","format-standard","hentry","category-bez-kategorii","wpcat-1-id"],"_links":{"self":[{"href":"https:\/\/akademiainzynierska.pl\/index.php\/wp-json\/wp\/v2\/posts\/998","targetHints":{"allow":["GET"]}}],"collection":[{"href":"https:\/\/akademiainzynierska.pl\/index.php\/wp-json\/wp\/v2\/posts"}],"about":[{"href":"https:\/\/akademiainzynierska.pl\/index.php\/wp-json\/wp\/v2\/types\/post"}],"author":[{"embeddable":true,"href":"https:\/\/akademiainzynierska.pl\/index.php\/wp-json\/wp\/v2\/users\/2"}],"replies":[{"embeddable":true,"href":"https:\/\/akademiainzynierska.pl\/index.php\/wp-json\/wp\/v2\/comments?post=998"}],"version-history":[{"count":3,"href":"https:\/\/akademiainzynierska.pl\/index.php\/wp-json\/wp\/v2\/posts\/998\/revisions"}],"predecessor-version":[{"id":1001,"href":"https:\/\/akademiainzynierska.pl\/index.php\/wp-json\/wp\/v2\/posts\/998\/revisions\/1001"}],"wp:attachment":[{"href":"https:\/\/akademiainzynierska.pl\/index.php\/wp-json\/wp\/v2\/media?parent=998"}],"wp:term":[{"taxonomy":"category","embeddable":true,"href":"https:\/\/akademiainzynierska.pl\/index.php\/wp-json\/wp\/v2\/categories?post=998"},{"taxonomy":"post_tag","embeddable":true,"href":"https:\/\/akademiainzynierska.pl\/index.php\/wp-json\/wp\/v2\/tags?post=998"}],"curies":[{"name":"wp","href":"https:\/\/api.w.org\/{rel}","templated":true}]}}