{"id":819,"date":"2023-03-06T08:57:14","date_gmt":"2023-03-06T07:57:14","guid":{"rendered":"https:\/\/akademiainzynierska.pl\/?p=819"},"modified":"2023-03-07T08:40:09","modified_gmt":"2023-03-07T07:40:09","slug":"piotr-wolanski-zloty-inzynier-not","status":"publish","type":"post","link":"https:\/\/akademiainzynierska.pl\/index.php\/2023\/03\/06\/piotr-wolanski-zloty-inzynier-not\/","title":{"rendered":"Uroczysto\u015bci Z\u0142otego In\u017cyniera oraz Mi\u0119dzynarodowego Dnia In\u017cyniera 2023"},"content":{"rendered":"\n<p>&nbsp;Spotkanie w Domu Technika NOT w Warszawie<\/p>\n\n\n\n<p>Uroczysto\u015bci Z\u0142otego In\u017cyniera oraz Mi\u0119dzynarodowego Dnia In\u017cyniera 2023 odby\u0142y si\u0119 w pi\u0105tek 3 marca 2023 roku o godz. 11:00 w Sali A Warszawskiego Domu Technika. Szersza relacja wkr\u00f3tce. <\/p>\n\n\n\n<p>Link do nagrania z uroczysto\u015bci jest dost\u0119pny na stronie: <a href=\"https:\/\/not.org.pl\/aktualnosci\/transmisja-swiatowego-dnia-inzyniera?department=centrala\">https:\/\/not.org.pl\/aktualnosci\/transmisja-swiatowego-dnia-inzyniera?department=centrala<\/a><\/p>\n\n\n\n<figure class=\"wp-block-image size-large\"><img loading=\"lazy\" decoding=\"async\" width=\"1024\" height=\"681\" src=\"https:\/\/akademiainzynierska.pl\/wp-content\/uploads\/2023\/03\/DSC05854-1024x681.jpg\" alt=\"\" class=\"wp-image-825\" srcset=\"https:\/\/akademiainzynierska.pl\/wp-content\/uploads\/2023\/03\/DSC05854-1024x681.jpg 1024w, https:\/\/akademiainzynierska.pl\/wp-content\/uploads\/2023\/03\/DSC05854-300x200.jpg 300w, https:\/\/akademiainzynierska.pl\/wp-content\/uploads\/2023\/03\/DSC05854-768x511.jpg 768w, https:\/\/akademiainzynierska.pl\/wp-content\/uploads\/2023\/03\/DSC05854-1536x1022.jpg 1536w, https:\/\/akademiainzynierska.pl\/wp-content\/uploads\/2023\/03\/DSC05854-2048x1363.jpg 2048w, https:\/\/akademiainzynierska.pl\/wp-content\/uploads\/2023\/03\/DSC05854-1226x816.jpg 1226w, https:\/\/akademiainzynierska.pl\/wp-content\/uploads\/2023\/03\/DSC05854-675x449.jpg 675w\" sizes=\"auto, (max-width: 1024px) 100vw, 1024px\" \/><figcaption class=\"wp-element-caption\">Akademia In\u017cynierska w Polsce &#8211; partnerem uroczysto\u015bci<\/figcaption><\/figure>\n\n\n\n<figure class=\"wp-block-image size-large\"><img loading=\"lazy\" decoding=\"async\" width=\"1024\" height=\"681\" src=\"https:\/\/akademiainzynierska.pl\/wp-content\/uploads\/2023\/03\/DSC05886-1024x681.jpg\" alt=\"\" class=\"wp-image-827\" srcset=\"https:\/\/akademiainzynierska.pl\/wp-content\/uploads\/2023\/03\/DSC05886-1024x681.jpg 1024w, https:\/\/akademiainzynierska.pl\/wp-content\/uploads\/2023\/03\/DSC05886-300x200.jpg 300w, https:\/\/akademiainzynierska.pl\/wp-content\/uploads\/2023\/03\/DSC05886-768x511.jpg 768w, https:\/\/akademiainzynierska.pl\/wp-content\/uploads\/2023\/03\/DSC05886-1536x1022.jpg 1536w, https:\/\/akademiainzynierska.pl\/wp-content\/uploads\/2023\/03\/DSC05886-2048x1363.jpg 2048w, https:\/\/akademiainzynierska.pl\/wp-content\/uploads\/2023\/03\/DSC05886-1226x816.jpg 1226w, https:\/\/akademiainzynierska.pl\/wp-content\/uploads\/2023\/03\/DSC05886-675x449.jpg 675w\" sizes=\"auto, (max-width: 1024px) 100vw, 1024px\" \/><figcaption class=\"wp-element-caption\">od lewej: Sekretarz Stanu w kancelarii Prezydenta Andrzej Dera, odznaczeni: Prezes FSNT-NOT Ewa Ma\u0144kiewicz-Cudny, prof. Adam Wi\u015bniewski<\/figcaption><\/figure>\n\n\n\n<figure class=\"wp-block-image size-large\"><img loading=\"lazy\" decoding=\"async\" width=\"1024\" height=\"681\" src=\"https:\/\/akademiainzynierska.pl\/wp-content\/uploads\/2023\/03\/DSC05889-1024x681.jpg\" alt=\"\" class=\"wp-image-826\" srcset=\"https:\/\/akademiainzynierska.pl\/wp-content\/uploads\/2023\/03\/DSC05889-1024x681.jpg 1024w, https:\/\/akademiainzynierska.pl\/wp-content\/uploads\/2023\/03\/DSC05889-300x200.jpg 300w, https:\/\/akademiainzynierska.pl\/wp-content\/uploads\/2023\/03\/DSC05889-768x511.jpg 768w, https:\/\/akademiainzynierska.pl\/wp-content\/uploads\/2023\/03\/DSC05889-1536x1022.jpg 1536w, https:\/\/akademiainzynierska.pl\/wp-content\/uploads\/2023\/03\/DSC05889-2048x1363.jpg 2048w, https:\/\/akademiainzynierska.pl\/wp-content\/uploads\/2023\/03\/DSC05889-1226x816.jpg 1226w, https:\/\/akademiainzynierska.pl\/wp-content\/uploads\/2023\/03\/DSC05889-675x449.jpg 675w\" sizes=\"auto, (max-width: 1024px) 100vw, 1024px\" \/><figcaption class=\"wp-element-caption\">Widok sali obrad, na pierwszym planie odznaczeni i Sekretarz Stanu Andrzej Dera.<\/figcaption><\/figure>\n\n\n\n<figure class=\"wp-block-image size-large\"><img loading=\"lazy\" decoding=\"async\" width=\"1024\" height=\"681\" src=\"https:\/\/akademiainzynierska.pl\/wp-content\/uploads\/2023\/03\/DSC05911-1024x681.jpg\" alt=\"\" class=\"wp-image-829\" srcset=\"https:\/\/akademiainzynierska.pl\/wp-content\/uploads\/2023\/03\/DSC05911-1024x681.jpg 1024w, https:\/\/akademiainzynierska.pl\/wp-content\/uploads\/2023\/03\/DSC05911-300x200.jpg 300w, https:\/\/akademiainzynierska.pl\/wp-content\/uploads\/2023\/03\/DSC05911-768x511.jpg 768w, https:\/\/akademiainzynierska.pl\/wp-content\/uploads\/2023\/03\/DSC05911-1536x1022.jpg 1536w, https:\/\/akademiainzynierska.pl\/wp-content\/uploads\/2023\/03\/DSC05911-2048x1363.jpg 2048w, https:\/\/akademiainzynierska.pl\/wp-content\/uploads\/2023\/03\/DSC05911-1226x816.jpg 1226w, https:\/\/akademiainzynierska.pl\/wp-content\/uploads\/2023\/03\/DSC05911-675x449.jpg 675w\" sizes=\"auto, (max-width: 1024px) 100vw, 1024px\" \/><figcaption class=\"wp-element-caption\">Laureaci 29 edycji konkursu Z\u0142otego In\u017cyniera, czwarty od prawej w pierwszym rz\u0119dzie: prof. Piotr Wola\u0144ski &#8211; Z\u0142oty In\u017cynier 2022.<\/figcaption><\/figure>\n\n\n\n<figure class=\"wp-block-image size-large\"><img loading=\"lazy\" decoding=\"async\" width=\"1024\" height=\"681\" src=\"https:\/\/akademiainzynierska.pl\/wp-content\/uploads\/2023\/03\/DSC05908-1-1024x681.jpg\" alt=\"\" class=\"wp-image-820\" srcset=\"https:\/\/akademiainzynierska.pl\/wp-content\/uploads\/2023\/03\/DSC05908-1-1024x681.jpg 1024w, https:\/\/akademiainzynierska.pl\/wp-content\/uploads\/2023\/03\/DSC05908-1-300x200.jpg 300w, https:\/\/akademiainzynierska.pl\/wp-content\/uploads\/2023\/03\/DSC05908-1-768x511.jpg 768w, https:\/\/akademiainzynierska.pl\/wp-content\/uploads\/2023\/03\/DSC05908-1-1536x1022.jpg 1536w, https:\/\/akademiainzynierska.pl\/wp-content\/uploads\/2023\/03\/DSC05908-1-2048x1363.jpg 2048w, https:\/\/akademiainzynierska.pl\/wp-content\/uploads\/2023\/03\/DSC05908-1-1226x816.jpg 1226w, https:\/\/akademiainzynierska.pl\/wp-content\/uploads\/2023\/03\/DSC05908-1-675x449.jpg 675w\" sizes=\"auto, (max-width: 1024px) 100vw, 1024px\" \/><figcaption class=\"wp-element-caption\">W \u015brodku Diamentowy In\u017cynier 2022 prof. Teofil Jesionowski<\/figcaption><\/figure>\n","protected":false},"excerpt":{"rendered":"<p>&nbsp;Spotkanie w Domu Technika NOT w Warszawie Uroczysto\u015bci Z\u0142otego In\u017cyniera oraz Mi\u0119dzynarodowego Dnia In\u017cyniera 2023 odby\u0142y si\u0119 w pi\u0105tek 3 marca 2023 roku o godz&#8230;.<\/p>\n","protected":false},"author":2,"featured_media":0,"comment_status":"closed","ping_status":"closed","sticky":false,"template":"","format":"standard","meta":{"footnotes":""},"categories":[1],"tags":[],"class_list":["post-819","post","type-post","status-publish","format-standard","hentry","category-bez-kategorii","wpcat-1-id"],"_links":{"self":[{"href":"https:\/\/akademiainzynierska.pl\/index.php\/wp-json\/wp\/v2\/posts\/819","targetHints":{"allow":["GET"]}}],"collection":[{"href":"https:\/\/akademiainzynierska.pl\/index.php\/wp-json\/wp\/v2\/posts"}],"about":[{"href":"https:\/\/akademiainzynierska.pl\/index.php\/wp-json\/wp\/v2\/types\/post"}],"author":[{"embeddable":true,"href":"https:\/\/akademiainzynierska.pl\/index.php\/wp-json\/wp\/v2\/users\/2"}],"replies":[{"embeddable":true,"href":"https:\/\/akademiainzynierska.pl\/index.php\/wp-json\/wp\/v2\/comments?post=819"}],"version-history":[{"count":5,"href":"https:\/\/akademiainzynierska.pl\/index.php\/wp-json\/wp\/v2\/posts\/819\/revisions"}],"predecessor-version":[{"id":832,"href":"https:\/\/akademiainzynierska.pl\/index.php\/wp-json\/wp\/v2\/posts\/819\/revisions\/832"}],"wp:attachment":[{"href":"https:\/\/akademiainzynierska.pl\/index.php\/wp-json\/wp\/v2\/media?parent=819"}],"wp:term":[{"taxonomy":"category","embeddable":true,"href":"https:\/\/akademiainzynierska.pl\/index.php\/wp-json\/wp\/v2\/categories?post=819"},{"taxonomy":"post_tag","embeddable":true,"href":"https:\/\/akademiainzynierska.pl\/index.php\/wp-json\/wp\/v2\/tags?post=819"}],"curies":[{"name":"wp","href":"https:\/\/api.w.org\/{rel}","templated":true}]}}