{"id":806,"date":"2023-02-20T17:05:35","date_gmt":"2023-02-20T16:05:35","guid":{"rendered":"https:\/\/akademiainzynierska.pl\/?p=806"},"modified":"2023-03-08T08:14:18","modified_gmt":"2023-03-08T07:14:18","slug":"xv-webinarium-techniczne-akademii-inzynierskiej-w-polsce","status":"publish","type":"post","link":"https:\/\/akademiainzynierska.pl\/index.php\/2023\/02\/20\/xv-webinarium-techniczne-akademii-inzynierskiej-w-polsce\/","title":{"rendered":"XV Webinarium Techniczne Akademii In\u017cynierskiej w Polsce"},"content":{"rendered":"\n<p>Szanowne Kole\u017canki i Koledzy,<\/p>\n\n\n\n<p>Uprzejmie zapraszamy na XV Webinarium Techniczne Akademii In\u017cynierskiej w Polsce, kt\u00f3re odb\u0119dzie si\u0119 <strong>we wtorek 7 marca 2023 r. o godz. 16:00 w trybie<\/strong> <strong>zdalnym<\/strong> za po\u015brednictwem platformy ZOOM. <\/p>\n\n\n\n<p>W programie spotkania wyk\u0142ad pt. <strong>In\u017cynieria rekonstrukcyjna w zastosowaniach medycznych, <\/strong>kt\u00f3ry <strong>wyg\u0142osi\u00a0 profesor Politechniki Krakowskiej dr hab. in\u017c. Krzysztof Karbowski<\/strong>.<\/p>\n\n\n\n<p>Zapraszamy do zapoznania si\u0119 z wyg\u0142oszon\u0105 prezentacj\u0105:<\/p>\n\n\n\n<div class=\"wp-block-file\"><a id=\"wp-block-file--media-1b5b8d59-b25e-4394-86c4-2c97093c0b3f\" href=\"https:\/\/akademiainzynierska.pl\/wp-content\/uploads\/2023\/03\/2023.03.07_KKarbowski_Medical-RE.pdf\" target=\"_blank\" rel=\"noreferrer noopener\">2023.03.07_KKarbowski_Medical-RE<\/a><a href=\"https:\/\/akademiainzynierska.pl\/wp-content\/uploads\/2023\/03\/2023.03.07_KKarbowski_Medical-RE.pdf\" class=\"wp-block-file__button wp-element-button\" download aria-describedby=\"wp-block-file--media-1b5b8d59-b25e-4394-86c4-2c97093c0b3f\">Pobierz<\/a><\/div>\n\n\n\n<p><strong>Informacje medialne dotycz\u0105ce dzia\u0142alno\u015bci wdro\u017ceniowej prof. Krzysztofa Karbowskiego:<\/strong><\/p>\n\n\n\n<p>Opatrunki uciskowe &#8211; audycja radiowa:<\/p>\n\n\n\n<p><a href=\"https:\/\/www.eska.pl\/krakow\/opaska-ktora-leczy-rany-powstala-na-politechnice-krakowskiej-aa-S1ow-3t74-oNZS.html\">https:\/\/www.eska.pl\/krakow\/opaska-ktora-leczy-rany-powstala-na-politechnice-krakowskiej-aa-S1ow-3t74-oNZS.html<\/a><\/p>\n\n\n\n<p>Implanty przepuklinowe &#8211; relacja TVP:<\/p>\n\n\n\n<p><a href=\"https:\/\/bydgoszcz.tvp.pl\/55858080\/nowatorka-operacja-implant-przepuklinowy-torun\">https:\/\/bydgoszcz.tvp.pl\/55858080\/nowatorka-operacja-implant-przepuklinowy-torun<\/a><\/p>\n\n\n\n<p>Implanty przepuklinowe &#8211; audycja radiowa:<\/p>\n\n\n\n<p><a href=\"https:\/\/www.radiokrakow.pl\/aktualnosci\/krakow\/przelom-w-leczeniu-pacjentow-chorych-na-przepukline-dzieki-wynalazkowi-krakowskiego-naukowca\">https:\/\/www.radiokrakow.pl\/aktualnosci\/krakow\/przelom-w-leczeniu-pacjentow-chorych-na-przepukline-dzieki-wynalazkowi-krakowskiego-naukowca<\/a><\/p>\n\n\n\n<p>Link do webinarium zostanie umieszczony na stronie <a href=\"https:\/\/akademiainzynierska.pl\">https:\/\/akademiainzynierska.pl<\/a> w przededniu wydarzenia.<\/p>\n\n\n\n<p>R\u00f3wnocze\u015bnie przesy\u0142am proponowany harmonogram kolejnych spotka\u0144 w ramach webinari\u00f3w AIP:<\/p>\n\n\n\n<ul class=\"wp-block-list\">\n<li>18 kwietnia<\/li>\n\n\n\n<li>9 maja<\/li>\n\n\n\n<li>20 czerwca<\/li>\n\n\n\n<li>10 pa\u017adziernika<\/li>\n\n\n\n<li>14 listopada<\/li>\n\n\n\n<li>5 lub 12 grudnia (w zale\u017cno\u015bci od terminu grudniowego zgromadzenia AIP)<\/li>\n<\/ul>\n\n\n\n<p>Z powa\u017caniem<\/p>\n\n\n\n<p>prof. dr hab. in\u017c. Sebastian Skoczypiec<\/p>\n","protected":false},"excerpt":{"rendered":"<p>Szanowne Kole\u017canki i Koledzy, Uprzejmie zapraszamy na XV Webinarium Techniczne Akademii In\u017cynierskiej w Polsce, kt\u00f3re odb\u0119dzie si\u0119 we wtorek 7 marca 2023 r. o godz&#8230;.<\/p>\n","protected":false},"author":2,"featured_media":0,"comment_status":"closed","ping_status":"closed","sticky":false,"template":"","format":"standard","meta":{"footnotes":""},"categories":[1],"tags":[],"class_list":["post-806","post","type-post","status-publish","format-standard","hentry","category-bez-kategorii","wpcat-1-id"],"_links":{"self":[{"href":"https:\/\/akademiainzynierska.pl\/index.php\/wp-json\/wp\/v2\/posts\/806","targetHints":{"allow":["GET"]}}],"collection":[{"href":"https:\/\/akademiainzynierska.pl\/index.php\/wp-json\/wp\/v2\/posts"}],"about":[{"href":"https:\/\/akademiainzynierska.pl\/index.php\/wp-json\/wp\/v2\/types\/post"}],"author":[{"embeddable":true,"href":"https:\/\/akademiainzynierska.pl\/index.php\/wp-json\/wp\/v2\/users\/2"}],"replies":[{"embeddable":true,"href":"https:\/\/akademiainzynierska.pl\/index.php\/wp-json\/wp\/v2\/comments?post=806"}],"version-history":[{"count":6,"href":"https:\/\/akademiainzynierska.pl\/index.php\/wp-json\/wp\/v2\/posts\/806\/revisions"}],"predecessor-version":[{"id":835,"href":"https:\/\/akademiainzynierska.pl\/index.php\/wp-json\/wp\/v2\/posts\/806\/revisions\/835"}],"wp:attachment":[{"href":"https:\/\/akademiainzynierska.pl\/index.php\/wp-json\/wp\/v2\/media?parent=806"}],"wp:term":[{"taxonomy":"category","embeddable":true,"href":"https:\/\/akademiainzynierska.pl\/index.php\/wp-json\/wp\/v2\/categories?post=806"},{"taxonomy":"post_tag","embeddable":true,"href":"https:\/\/akademiainzynierska.pl\/index.php\/wp-json\/wp\/v2\/tags?post=806"}],"curies":[{"name":"wp","href":"https:\/\/api.w.org\/{rel}","templated":true}]}}