{"id":759,"date":"2022-12-18T14:12:00","date_gmt":"2022-12-18T13:12:00","guid":{"rendered":"https:\/\/akademiainzynierska.pl\/?p=759"},"modified":"2022-12-26T12:51:13","modified_gmt":"2022-12-26T11:51:13","slug":"spotkanie-przedswiateczne-2","status":"publish","type":"post","link":"https:\/\/akademiainzynierska.pl\/index.php\/2022\/12\/18\/spotkanie-przedswiateczne-2\/","title":{"rendered":"Spotkanie przed\u015bwi\u0105teczne"},"content":{"rendered":"\n<p>Zaproszenie na spotkanie przed\u015bwi\u0105teczne<\/p>\n\n\n\n<p>Szanowne Kole\u017canki, Szanowni Koledzy,<\/p>\n\n\n\n<p>Podobnie jak w latach poprzednich uprzejmie zapraszamy na kr\u00f3tkie spotkanie przed\u015bwi\u0105tecznie Akademii (on-line), kt\u00f3re odb\u0119dzie si\u0119 w przeddzie\u0144 Wigilii, czyli 23 grudnia o godz. 14:00. &nbsp;B\u0119dzie to przede wszystkim okazja do z\u0142o\u017cenia sobie \u017cycze\u0144 \u015bwi\u0105tecznych i noworocznych, a tak\u017ce do z\u0142o\u017cenia \u017cycze\u0144 imieninowych Wigilijnym solenizantom. Liczymy na udzia\u0142 naszych cz\u0142onk\u00f3w z kraju i z zagranicy. <\/p>\n\n\n\n<p>Serdecznie pozdrawiamy<\/p>\n\n\n\n<p>Prezes Jerzy Barglik<\/p>\n\n\n\n<p>Sekretarz Generalny Andrzej Pachuta<\/p>\n\n\n\n<p>Poni\u017cej, prezentacja, kt\u00f3r\u0105 prof. L. A. Dobrza\u0144ski przedstawi\u0142 w trakcie spotkania:<\/p>\n\n\n\n<div class=\"wp-block-file\"><a id=\"wp-block-file--media-ded4ea36-b81d-4d1f-9665-971223549e13\" href=\"https:\/\/akademiainzynierska.pl\/wp-content\/uploads\/2022\/12\/AIP-L-A-Dobrzanski-23-12-2022.pdf\" target=\"_blank\" rel=\"noreferrer noopener\">AIP-L-A-Dobrzanski-23-12-2022<\/a><a href=\"https:\/\/akademiainzynierska.pl\/wp-content\/uploads\/2022\/12\/AIP-L-A-Dobrzanski-23-12-2022.pdf\" class=\"wp-block-file__button wp-element-button\" download aria-describedby=\"wp-block-file--media-ded4ea36-b81d-4d1f-9665-971223549e13\">Pobierz<\/a><\/div>\n","protected":false},"excerpt":{"rendered":"<p>Zaproszenie na spotkanie przed\u015bwi\u0105teczne Szanowne Kole\u017canki, Szanowni Koledzy, Podobnie jak w latach poprzednich uprzejmie zapraszamy na kr\u00f3tkie spotkanie przed\u015bwi\u0105tecznie Akademii (on-line), kt\u00f3re odb\u0119dzie si\u0119 w&#8230;<\/p>\n","protected":false},"author":2,"featured_media":0,"comment_status":"closed","ping_status":"closed","sticky":false,"template":"","format":"standard","meta":{"footnotes":""},"categories":[1],"tags":[],"class_list":["post-759","post","type-post","status-publish","format-standard","hentry","category-bez-kategorii","wpcat-1-id"],"_links":{"self":[{"href":"https:\/\/akademiainzynierska.pl\/index.php\/wp-json\/wp\/v2\/posts\/759","targetHints":{"allow":["GET"]}}],"collection":[{"href":"https:\/\/akademiainzynierska.pl\/index.php\/wp-json\/wp\/v2\/posts"}],"about":[{"href":"https:\/\/akademiainzynierska.pl\/index.php\/wp-json\/wp\/v2\/types\/post"}],"author":[{"embeddable":true,"href":"https:\/\/akademiainzynierska.pl\/index.php\/wp-json\/wp\/v2\/users\/2"}],"replies":[{"embeddable":true,"href":"https:\/\/akademiainzynierska.pl\/index.php\/wp-json\/wp\/v2\/comments?post=759"}],"version-history":[{"count":4,"href":"https:\/\/akademiainzynierska.pl\/index.php\/wp-json\/wp\/v2\/posts\/759\/revisions"}],"predecessor-version":[{"id":784,"href":"https:\/\/akademiainzynierska.pl\/index.php\/wp-json\/wp\/v2\/posts\/759\/revisions\/784"}],"wp:attachment":[{"href":"https:\/\/akademiainzynierska.pl\/index.php\/wp-json\/wp\/v2\/media?parent=759"}],"wp:term":[{"taxonomy":"category","embeddable":true,"href":"https:\/\/akademiainzynierska.pl\/index.php\/wp-json\/wp\/v2\/categories?post=759"},{"taxonomy":"post_tag","embeddable":true,"href":"https:\/\/akademiainzynierska.pl\/index.php\/wp-json\/wp\/v2\/tags?post=759"}],"curies":[{"name":"wp","href":"https:\/\/api.w.org\/{rel}","templated":true}]}}