{"id":265,"date":"2021-03-23T09:01:08","date_gmt":"2021-03-23T08:01:08","guid":{"rendered":"https:\/\/akademiainzynierska.pl\/?p=265"},"modified":"2021-03-26T16:04:39","modified_gmt":"2021-03-26T15:04:39","slug":"iv-webinarium-techniczne-akademii-inzynierskiej-w-polsce","status":"publish","type":"post","link":"https:\/\/akademiainzynierska.pl\/index.php\/2021\/03\/23\/iv-webinarium-techniczne-akademii-inzynierskiej-w-polsce\/","title":{"rendered":"IV webinarium techniczne Akademii In\u017cynierskiej w Polsce"},"content":{"rendered":"\n<figure class=\"wp-block-image size-large\"><img loading=\"lazy\" decoding=\"async\" width=\"882\" height=\"177\" src=\"https:\/\/akademiainzynierska.pl\/wp-content\/uploads\/2020\/03\/cropped-logo-aip.jpg\" alt=\"\" class=\"wp-image-57\" srcset=\"https:\/\/akademiainzynierska.pl\/wp-content\/uploads\/2020\/03\/cropped-logo-aip.jpg 882w, https:\/\/akademiainzynierska.pl\/wp-content\/uploads\/2020\/03\/cropped-logo-aip-300x60.jpg 300w, https:\/\/akademiainzynierska.pl\/wp-content\/uploads\/2020\/03\/cropped-logo-aip-768x154.jpg 768w, https:\/\/akademiainzynierska.pl\/wp-content\/uploads\/2020\/03\/cropped-logo-aip-675x135.jpg 675w\" sizes=\"auto, (max-width: 882px) 100vw, 882px\" \/><\/figure>\n\n\n\n<p class=\"has-text-align-center has-medium-font-size\">IV webinarium techniczne Akademii In\u017cynierskiej w Polsce, odby\u0142o si\u0119 <br><strong>w czwartek 25 marca o godz. 11:00 <br><\/strong>za po\u015brednictwem platformy ZOOM. W programie referat prof. Sebastiana Skoczypca <br>pt.\u201d<strong> Rozw\u00f3j technik i technologii erozyjnych w dzia\u0142alno\u015bci Katedry In\u017cynierii i Automatyzacji Produkcji Politechniki Krakowskiej\u201d.<\/strong><\/p>\n\n\n\n<p>Nagranie: <a rel=\"noreferrer noopener\" href=\"http:\/\/metet.polsl.pl\/aip\/sskoczypiec.mp4\" data-type=\"URL\" data-id=\"http:\/\/metet.polsl.pl\/aip\/sskoczypiec.mp4\" target=\"_blank\">Nagranie otworzy si\u0119 po klikni\u0119ciu w link w nowym oknie przegl\u0105darki<\/a><\/p>\n\n\n\n<p>Prezentacja: <a rel=\"noreferrer noopener\" href=\"http:\/\/metet.polsl.pl\/aip\/sskoczypiec.pdf\" data-type=\"URL\" target=\"_blank\">Prezentacja do pobrania, otworzy si\u0119 w nowym oknie po klikni\u0119ciu w link<\/a><a href=\"http:\/\/metet.polsl.pl\/aip\/sskoczypiec.pdf\" data-type=\"URL\" target=\"_blank\" rel=\"noreferrer noopener\">.<\/a><\/p>\n\n\n\n<p>Prezes AIP<\/p>\n\n\n\n<p>Jerzy Barglik<\/p>\n","protected":false},"excerpt":{"rendered":"<p>IV webinarium techniczne Akademii In\u017cynierskiej w Polsce, odby\u0142o si\u0119 w czwartek 25 marca o godz. 11:00 za po\u015brednictwem platformy ZOOM. W programie referat prof. Sebastiana&#8230;<\/p>\n","protected":false},"author":2,"featured_media":0,"comment_status":"closed","ping_status":"closed","sticky":false,"template":"","format":"standard","meta":{"footnotes":""},"categories":[3],"tags":[],"class_list":["post-265","post","type-post","status-publish","format-standard","hentry","category-artykuly","wpcat-3-id"],"_links":{"self":[{"href":"https:\/\/akademiainzynierska.pl\/index.php\/wp-json\/wp\/v2\/posts\/265","targetHints":{"allow":["GET"]}}],"collection":[{"href":"https:\/\/akademiainzynierska.pl\/index.php\/wp-json\/wp\/v2\/posts"}],"about":[{"href":"https:\/\/akademiainzynierska.pl\/index.php\/wp-json\/wp\/v2\/types\/post"}],"author":[{"embeddable":true,"href":"https:\/\/akademiainzynierska.pl\/index.php\/wp-json\/wp\/v2\/users\/2"}],"replies":[{"embeddable":true,"href":"https:\/\/akademiainzynierska.pl\/index.php\/wp-json\/wp\/v2\/comments?post=265"}],"version-history":[{"count":7,"href":"https:\/\/akademiainzynierska.pl\/index.php\/wp-json\/wp\/v2\/posts\/265\/revisions"}],"predecessor-version":[{"id":275,"href":"https:\/\/akademiainzynierska.pl\/index.php\/wp-json\/wp\/v2\/posts\/265\/revisions\/275"}],"wp:attachment":[{"href":"https:\/\/akademiainzynierska.pl\/index.php\/wp-json\/wp\/v2\/media?parent=265"}],"wp:term":[{"taxonomy":"category","embeddable":true,"href":"https:\/\/akademiainzynierska.pl\/index.php\/wp-json\/wp\/v2\/categories?post=265"},{"taxonomy":"post_tag","embeddable":true,"href":"https:\/\/akademiainzynierska.pl\/index.php\/wp-json\/wp\/v2\/tags?post=265"}],"curies":[{"name":"wp","href":"https:\/\/api.w.org\/{rel}","templated":true}]}}