{"id":1878,"date":"2025-09-09T10:36:44","date_gmt":"2025-09-09T08:36:44","guid":{"rendered":"https:\/\/akademiainzynierska.pl\/?p=1878"},"modified":"2025-09-09T10:36:44","modified_gmt":"2025-09-09T08:36:44","slug":"panel-dyskusyjny-dotyczacy-wyzwan-wspolpracy-miedzynarodowej-w-obszarze-inzynierii-produkcji","status":"publish","type":"post","link":"https:\/\/akademiainzynierska.pl\/index.php\/2025\/09\/09\/panel-dyskusyjny-dotyczacy-wyzwan-wspolpracy-miedzynarodowej-w-obszarze-inzynierii-produkcji\/","title":{"rendered":"Panel dyskusyjny dotycz\u0105cy wyzwa\u0144 wsp\u00f3\u0142pracy mi\u0119dzynarodowej w obszarze in\u017cynierii produkcji"},"content":{"rendered":"\n<p>W imieniu prof. Justyny Patalas-Maliszewskiej&nbsp;zapraszamy cz\u0142onk\u00f3w AIP do udzia\u0142u w panelu dyskusyjnym dotycz\u0105cym wyzwa\u0144 wsp\u00f3\u0142pracy mi\u0119dzynarodowej w obszarze in\u017cynierii produkcji. Spotkanie odb\u0119dzie si\u0119 18 listopada 2025 r., w godz. 16:00-17:00. W za\u0142\u0105czeniu plakat ze szczeg\u00f3\u0142ami tego wydarzenia.<\/p>\n\n\n\n<p>Linki do spotkania online:&nbsp;<a target=\"_blank\" href=\"https:\/\/fmail.pk.edu.pl\/fmlurlsvc\/?fewReq=:B:JVMxOj07MS19NjklOy1ibzY7OjE7Oi14Ymxlan9+eW42aj5tMz0\/PDsybmlvPT9uODw6PDI9OTtobTJqOzJqbTpob2o5PW89PC1\/Njo8Pjw4Oj0\/OT8temJvNj4zMzxZP2JSOzkzOjw9Jj4zMzxZP2JqOzkzOjw9LXloe382eG5panh\/YmplJXhgZGhxcntibmhLe2Albm9+JXtnLWg2MjwtY29nNjs=&amp;url=http%3a%2f%2fwww.bit.ly%2f4kVWHXb\" rel=\"noreferrer noopener\">&nbsp;www.bit.ly\/4kVWHXb<\/a><\/p>\n\n\n\n<figure class=\"wp-block-image size-large\"><img loading=\"lazy\" decoding=\"async\" width=\"724\" height=\"1024\" src=\"https:\/\/akademiainzynierska.pl\/wp-content\/uploads\/2025\/09\/Plakat_popr-724x1024.png\" alt=\"\" class=\"wp-image-1879\" srcset=\"https:\/\/akademiainzynierska.pl\/wp-content\/uploads\/2025\/09\/Plakat_popr-724x1024.png 724w, https:\/\/akademiainzynierska.pl\/wp-content\/uploads\/2025\/09\/Plakat_popr-212x300.png 212w, https:\/\/akademiainzynierska.pl\/wp-content\/uploads\/2025\/09\/Plakat_popr-768x1086.png 768w, https:\/\/akademiainzynierska.pl\/wp-content\/uploads\/2025\/09\/Plakat_popr-1086x1536.png 1086w, https:\/\/akademiainzynierska.pl\/wp-content\/uploads\/2025\/09\/Plakat_popr-1448x2048.png 1448w, https:\/\/akademiainzynierska.pl\/wp-content\/uploads\/2025\/09\/Plakat_popr-1226x1734.png 1226w, https:\/\/akademiainzynierska.pl\/wp-content\/uploads\/2025\/09\/Plakat_popr-675x955.png 675w, https:\/\/akademiainzynierska.pl\/wp-content\/uploads\/2025\/09\/Plakat_popr.png 1587w\" sizes=\"auto, (max-width: 724px) 100vw, 724px\" \/><\/figure>\n","protected":false},"excerpt":{"rendered":"<p>W imieniu prof. Justyny Patalas-Maliszewskiej&nbsp;zapraszamy cz\u0142onk\u00f3w AIP do udzia\u0142u w panelu dyskusyjnym dotycz\u0105cym wyzwa\u0144 wsp\u00f3\u0142pracy mi\u0119dzynarodowej w obszarze in\u017cynierii produkcji. Spotkanie odb\u0119dzie si\u0119 18 listopada&#8230;<\/p>\n","protected":false},"author":2,"featured_media":0,"comment_status":"closed","ping_status":"closed","sticky":false,"template":"","format":"standard","meta":{"footnotes":""},"categories":[1],"tags":[],"class_list":["post-1878","post","type-post","status-publish","format-standard","hentry","category-bez-kategorii","wpcat-1-id"],"_links":{"self":[{"href":"https:\/\/akademiainzynierska.pl\/index.php\/wp-json\/wp\/v2\/posts\/1878","targetHints":{"allow":["GET"]}}],"collection":[{"href":"https:\/\/akademiainzynierska.pl\/index.php\/wp-json\/wp\/v2\/posts"}],"about":[{"href":"https:\/\/akademiainzynierska.pl\/index.php\/wp-json\/wp\/v2\/types\/post"}],"author":[{"embeddable":true,"href":"https:\/\/akademiainzynierska.pl\/index.php\/wp-json\/wp\/v2\/users\/2"}],"replies":[{"embeddable":true,"href":"https:\/\/akademiainzynierska.pl\/index.php\/wp-json\/wp\/v2\/comments?post=1878"}],"version-history":[{"count":1,"href":"https:\/\/akademiainzynierska.pl\/index.php\/wp-json\/wp\/v2\/posts\/1878\/revisions"}],"predecessor-version":[{"id":1880,"href":"https:\/\/akademiainzynierska.pl\/index.php\/wp-json\/wp\/v2\/posts\/1878\/revisions\/1880"}],"wp:attachment":[{"href":"https:\/\/akademiainzynierska.pl\/index.php\/wp-json\/wp\/v2\/media?parent=1878"}],"wp:term":[{"taxonomy":"category","embeddable":true,"href":"https:\/\/akademiainzynierska.pl\/index.php\/wp-json\/wp\/v2\/categories?post=1878"},{"taxonomy":"post_tag","embeddable":true,"href":"https:\/\/akademiainzynierska.pl\/index.php\/wp-json\/wp\/v2\/tags?post=1878"}],"curies":[{"name":"wp","href":"https:\/\/api.w.org\/{rel}","templated":true}]}}