{"id":1683,"date":"2025-02-27T07:11:06","date_gmt":"2025-02-27T06:11:06","guid":{"rendered":"https:\/\/akademiainzynierska.pl\/?p=1683"},"modified":"2025-02-27T07:11:06","modified_gmt":"2025-02-27T06:11:06","slug":"smutna-wiadomosc-o-smierci-prof-jana-krysinskiego","status":"publish","type":"post","link":"https:\/\/akademiainzynierska.pl\/index.php\/2025\/02\/27\/smutna-wiadomosc-o-smierci-prof-jana-krysinskiego\/","title":{"rendered":"SMUTNA WIADOMO\u015a\u0106 O \u015aMIERCI PROF.JANA KRYSI\u0143SKIEGO"},"content":{"rendered":"\n<p>19 lutego 2025 roku zmar\u0142 prof. Jan Krysi\u0144ski, rektor Politechniki \u0141\u00f3dzkiej w kadencjach 1990\u20131996 i 2002\u20132008, multidoktor honoris causa, honorowy obywatel \u0141odzi, osoba niezwykle zas\u0142u\u017cona dla uczelni, miasta, \u015brodowiska akademickiego w Polsce i zagranic\u0105, cz\u0142onek Akademii In\u017cynierskiej w Polsce od roku 1996 roku. W sierpniu Profesor sko\u0144czy\u0142by 90 lat<\/p>\n\n\n\n<p>Odznaczony wysokimi odznaczeniami, w tym mi\u0119dzy innymi francuskim Orderem Legii Honorowej, Krzy\u017cem Komandorskim z Gwiazd\u0105 Orderu Odrodzenia Polski oraz orderem papieskim &#8222;Pro Ecclesia Et Pontifice\u201d<\/p>\n\n\n\n<p>Uroczysto\u015bci pogrzebowe odb\u0119d\u0105 si\u0119 w pi\u0105tek 28 lutego 2025 roku. Msza \u015awi\u0119ta \u017ca\u0142obna zostanie odprawiona o godzinie 9:30 w Bazylice Archikatedralnej \u015bw. Stanis\u0142awa Kostki w \u0141odzi przy ul. Piotrkowskiej 265. Bezpo\u015brednio po Eucharystii nast\u0105pi odprowadzenie Zmar\u0142ego na miejsce wiecznego spoczynku w Alei Zas\u0142u\u017conych na Cmentarzu Komunalnym Do\u0142y w \u0141odzi przy al. Palki 9 (wej\u015bcie od ulicy Smutnej).<\/p>\n\n\n\n<figure class=\"wp-block-image size-full\"><img loading=\"lazy\" decoding=\"async\" width=\"915\" height=\"591\" src=\"https:\/\/akademiainzynierska.pl\/wp-content\/uploads\/2025\/02\/image-1.png\" alt=\"\" class=\"wp-image-1684\" srcset=\"https:\/\/akademiainzynierska.pl\/wp-content\/uploads\/2025\/02\/image-1.png 915w, https:\/\/akademiainzynierska.pl\/wp-content\/uploads\/2025\/02\/image-1-300x194.png 300w, https:\/\/akademiainzynierska.pl\/wp-content\/uploads\/2025\/02\/image-1-768x496.png 768w, https:\/\/akademiainzynierska.pl\/wp-content\/uploads\/2025\/02\/image-1-675x436.png 675w\" sizes=\"auto, (max-width: 915px) 100vw, 915px\" \/><\/figure>\n\n\n\n<p>\u015ap. Prof. Jan Krysi\u0144ski pozostanie w naszej wdzi\u0119cznej pami\u0119ci!<\/p>\n\n\n\n<p>26.02.2025 r Jerzy Barglik<\/p>\n\n\n\n<p><\/p>\n\n\n\n<p><\/p>\n","protected":false},"excerpt":{"rendered":"<p>19 lutego 2025 roku zmar\u0142 prof. Jan Krysi\u0144ski, rektor Politechniki \u0141\u00f3dzkiej w kadencjach 1990\u20131996 i 2002\u20132008, multidoktor honoris causa, honorowy obywatel \u0141odzi, osoba niezwykle zas\u0142u\u017cona&#8230;<\/p>\n","protected":false},"author":2,"featured_media":0,"comment_status":"closed","ping_status":"closed","sticky":false,"template":"","format":"standard","meta":{"footnotes":""},"categories":[1],"tags":[],"class_list":["post-1683","post","type-post","status-publish","format-standard","hentry","category-bez-kategorii","wpcat-1-id"],"_links":{"self":[{"href":"https:\/\/akademiainzynierska.pl\/index.php\/wp-json\/wp\/v2\/posts\/1683","targetHints":{"allow":["GET"]}}],"collection":[{"href":"https:\/\/akademiainzynierska.pl\/index.php\/wp-json\/wp\/v2\/posts"}],"about":[{"href":"https:\/\/akademiainzynierska.pl\/index.php\/wp-json\/wp\/v2\/types\/post"}],"author":[{"embeddable":true,"href":"https:\/\/akademiainzynierska.pl\/index.php\/wp-json\/wp\/v2\/users\/2"}],"replies":[{"embeddable":true,"href":"https:\/\/akademiainzynierska.pl\/index.php\/wp-json\/wp\/v2\/comments?post=1683"}],"version-history":[{"count":1,"href":"https:\/\/akademiainzynierska.pl\/index.php\/wp-json\/wp\/v2\/posts\/1683\/revisions"}],"predecessor-version":[{"id":1685,"href":"https:\/\/akademiainzynierska.pl\/index.php\/wp-json\/wp\/v2\/posts\/1683\/revisions\/1685"}],"wp:attachment":[{"href":"https:\/\/akademiainzynierska.pl\/index.php\/wp-json\/wp\/v2\/media?parent=1683"}],"wp:term":[{"taxonomy":"category","embeddable":true,"href":"https:\/\/akademiainzynierska.pl\/index.php\/wp-json\/wp\/v2\/categories?post=1683"},{"taxonomy":"post_tag","embeddable":true,"href":"https:\/\/akademiainzynierska.pl\/index.php\/wp-json\/wp\/v2\/tags?post=1683"}],"curies":[{"name":"wp","href":"https:\/\/api.w.org\/{rel}","templated":true}]}}