{"id":1608,"date":"2024-12-16T21:53:13","date_gmt":"2024-12-16T20:53:13","guid":{"rendered":"https:\/\/akademiainzynierska.pl\/?p=1608"},"modified":"2024-12-16T21:53:13","modified_gmt":"2024-12-16T20:53:13","slug":"projekt-uchwaly-stanowisko-akademii-inzynierskiej-w-polsce-w-sprawie-ochrony-tytulu-zawodowego-inzynier","status":"publish","type":"post","link":"https:\/\/akademiainzynierska.pl\/index.php\/2024\/12\/16\/projekt-uchwaly-stanowisko-akademii-inzynierskiej-w-polsce-w-sprawie-ochrony-tytulu-zawodowego-inzynier\/","title":{"rendered":"Projekt uchwa\u0142y &#8211; Stanowisko Akademii In\u017cynierskiej w Polsce w sprawie ochrony tytu\u0142u zawodowego in\u017cynier"},"content":{"rendered":"\n<p><strong>Stanowisko Akademii In\u017cynierskiej w Polsce w sprawie ochrony tytu\u0142u zawodowego in\u017cynier<\/strong><\/p>\n\n\n\n<p>projekt<\/p>\n\n\n\n<p>Akademia In\u017cynierska w Polsce, b\u0119d\u0105c depozytariuszem tradycji in\u017cynierskich,&nbsp; zgodnie ze swoj\u0105 misj\u0105 i poczuciem odpowiedzialno\u015bci za ochron\u0119 tytu\u0142u zawodowego in\u017cynier, w trosce o szacunek do tego zawodu, maj\u0105c na wzgl\u0119dzie oczekiwania spo\u0142eczne zwi\u0105zane z rozwojem cywilizacji technicznej, wnioskuje o podj\u0119cie pilnych prac maj\u0105cych na wzgl\u0119dzie zachowanie odpowiednich standard\u00f3w w kszta\u0142ceniu in\u017cynier\u00f3w.&nbsp; &nbsp;<\/p>\n\n\n\n<p>Zaw\u00f3d in\u017cyniera zawsze cieszy\u0142 si\u0119 spo\u0142ecznym szacunkiem. Wiedza in\u017cynierska, wywodz\u0105ca si\u0119 w najwi\u0119kszym stopniu z budownictwa wojennego (zamki obronne, machiny obl\u0119\u017cnicze, bro\u0144) stanowi\u0142a i stanowi podstaw\u0119 rozwoju cywilizacji. Z obszaru technik i technologii obronnych przenika\u0142a do sfery cywilnej, wywieraj\u0105c wp\u0142yw przede wszystkim na produkcj\u0119 i us\u0142ugi, ale tak\u017ce na kultur\u0119 i sztuk\u0119.<\/p>\n\n\n\n<p>Zaw\u00f3d in\u017cyniera to nie tylko wiedza teoretyczna i u\u017cytkowa ale tak\u017ce postawa, cechuj\u0105ca si\u0119 odpowiedzialno\u015bci\u0105, terminowo\u015bci\u0105 realizacji zada\u0144, wra\u017cliwo\u015bci\u0105 na spo\u0142eczne skutki&nbsp; tw\u00f3rczo\u015bci in\u017cynierskiej.<\/p>\n\n\n\n<p>W warunkach dokonuj\u0105cej si\u0119 obecnie kolejnej rewolucji cywilizacyjnej, wynikaj\u0105cej zw\u0142aszcza z rozwoju sztucznej inteligencji, a tak\u017ce zmian klimatycznych, post\u0119puj\u0105cej degradacji \u015brodowiska, problem\u00f3w cyberbezpiecze\u0144stwa i wielu innych, znaczenie odpowiedniego kszta\u0142cenia in\u017cynier\u00f3w dla cywilizacji przysz\u0142o\u015bci nabiera fundamentalnego znaczenia.<\/p>\n\n\n\n<p>Niepok\u00f3j Akademii In\u017cynierskiej w Polsce budzi wiele zmian jakie w ostatnich 20 latach nast\u0105pi\u0142o w standardach kszta\u0142cenia in\u017cynier\u00f3w. Dotyczy to zw\u0142aszcza powszechnej w wielu podmiotach, nadaj\u0105cych ten tytu\u0142 zawodowy, wirtualizacji zaj\u0119\u0107 laboratoryjnych. Uwa\u017camy, \u017ce tylko kszta\u0142cenie z wykorzystaniem przemys\u0142owych maszyn technologicznych, specjalistycznych urz\u0105dze\u0144 i system\u00f3w pomiarowych, przemys\u0142owych urz\u0105dze\u0144 transportowych i specjalistycznych laboratori\u00f3w badawczych, pozwala na realne poznanie zagro\u017ce\u0144 wynikaj\u0105cych z eksploatacji tych maszyn i urz\u0105dze\u0144 oraz zjawisk fizycznych towarzysz\u0105cych procesom produkcyjnym. Tylko w takich warunkach mo\u017cna wykszta\u0142ci\u0107 in\u017cyniera zdolnego do tw\u00f3rczego uprawiania tego zawodu.<\/p>\n\n\n\n<p>Akademia In\u017cynierska w Polsce uwa\u017ca, \u017ce prawo do nadawania tytu\u0142u zawodowego in\u017cynier powinny posiada\u0107 tylko te jednostki edukacyjne, kt\u00f3re dysponuj\u0105 w\u0142asnym, odpowiednim dla danych kierunk\u00f3w studi\u00f3w, zapleczem laboratoryjnym.<\/p>\n\n\n\n<p>Istotne dla kszta\u0142cenia in\u017cynier\u00f3w przemys\u0142u przysz\u0142o\u015bci s\u0105 tak\u017ce elementy kszta\u0142cenia formacyjnego. Dynamika zmian w rozwoju techniki i technologii generuje coraz powszechniejsze zjawisko wykluczenia technologicznego. Nawet bierne korzystanie z nowoczesnej technologii wymaga wiedzy i ukszta\u0142towanej kultury technicznej. W tej sytuacji konieczne jest zaufanie do in\u017cynier\u00f3w jako ludzi szanuj\u0105cych warto\u015bci etyczne, znaj\u0105cych ludzkie potrzeby i posiadaj\u0105cych g\u0142\u0119bok\u0105 \u015bwiadomo\u015b\u0107 psychologicznych i socjologicznych zjawisk b\u0119d\u0105cych skutkiem rozwoju techniki i technologii. Takie \u201eformacyjne\u201d cechy mo\u017cna zdoby\u0107 tylko poprzez funkcjonowanie w \u015brodowisku akademickim, opartym na najlepszych wzorcach i tradycjach, w kt\u00f3rym szanuje si\u0119 dobre obyczaje, obowi\u0105zuje szacunek do prawdy, w kt\u00f3rym kulturotw\u00f3rcza misja uczelni jest widoczna i niekwestionowana.<\/p>\n\n\n\n<p>Akademia In\u017cynierska w Polsce zwraca si\u0119 do wszystkich instytucji pa\u0144stwowych i samorz\u0105dowych, stowarzysze\u0144 in\u017cynierskich, konferencji uczelni wy\u017cszych oraz Polskiej Komisji Akredytacyjnej o uznanie jako\u015bci kszta\u0142cenia in\u017cynier\u00f3w jako kluczowo wa\u017cnego dla rozwoju pa\u0144stwa. Przyznanie prawa do nadawania tytu\u0142u zawodowego in\u017cynier powinno by\u0107 efektem spe\u0142nienia wysokich wymaga\u0144, jasno zdefiniowanych odpowiednimi kryteriami, i by\u0107 powodem do dumy dla podmiotu otrzymuj\u0105cego takie prawo.<\/p>\n\n\n\n<p>Akademia In\u017cynierska w Polsce, dostrzegaj\u0105c&nbsp; negatywne zjawiska jakie obserwujemy w kszta\u0142ceniu in\u017cynier\u00f3w w ostatnim 20-leciu, zwraca si\u0119 do Sejmu Rzeczpospolitej Polskiej o pilne podj\u0119cie prac legislacyjnych w zakresie ochrony tytu\u0142u zawodowego in\u017cynier w Polsce.&nbsp;<\/p>\n\n\n\n<p>Otrzymuj\u0105:<\/p>\n\n\n\n<p>Marsza\u0142ek Sejmu RP, Minister NiSzW, Przewodnicz\u0105cy KRASP, Przewodnicz\u0105cy KRPUT, Przewodnicz\u0105cy RGSzW, Prezes FSNT<\/p>\n","protected":false},"excerpt":{"rendered":"<p>Stanowisko Akademii In\u017cynierskiej w Polsce w sprawie ochrony tytu\u0142u zawodowego in\u017cynier projekt Akademia In\u017cynierska w Polsce, b\u0119d\u0105c depozytariuszem tradycji in\u017cynierskich,&nbsp; zgodnie ze swoj\u0105 misj\u0105 i&#8230;<\/p>\n","protected":false},"author":2,"featured_media":0,"comment_status":"closed","ping_status":"closed","sticky":false,"template":"","format":"standard","meta":{"footnotes":""},"categories":[1],"tags":[],"class_list":["post-1608","post","type-post","status-publish","format-standard","hentry","category-bez-kategorii","wpcat-1-id"],"_links":{"self":[{"href":"https:\/\/akademiainzynierska.pl\/index.php\/wp-json\/wp\/v2\/posts\/1608","targetHints":{"allow":["GET"]}}],"collection":[{"href":"https:\/\/akademiainzynierska.pl\/index.php\/wp-json\/wp\/v2\/posts"}],"about":[{"href":"https:\/\/akademiainzynierska.pl\/index.php\/wp-json\/wp\/v2\/types\/post"}],"author":[{"embeddable":true,"href":"https:\/\/akademiainzynierska.pl\/index.php\/wp-json\/wp\/v2\/users\/2"}],"replies":[{"embeddable":true,"href":"https:\/\/akademiainzynierska.pl\/index.php\/wp-json\/wp\/v2\/comments?post=1608"}],"version-history":[{"count":1,"href":"https:\/\/akademiainzynierska.pl\/index.php\/wp-json\/wp\/v2\/posts\/1608\/revisions"}],"predecessor-version":[{"id":1614,"href":"https:\/\/akademiainzynierska.pl\/index.php\/wp-json\/wp\/v2\/posts\/1608\/revisions\/1614"}],"wp:attachment":[{"href":"https:\/\/akademiainzynierska.pl\/index.php\/wp-json\/wp\/v2\/media?parent=1608"}],"wp:term":[{"taxonomy":"category","embeddable":true,"href":"https:\/\/akademiainzynierska.pl\/index.php\/wp-json\/wp\/v2\/categories?post=1608"},{"taxonomy":"post_tag","embeddable":true,"href":"https:\/\/akademiainzynierska.pl\/index.php\/wp-json\/wp\/v2\/tags?post=1608"}],"curies":[{"name":"wp","href":"https:\/\/api.w.org\/{rel}","templated":true}]}}