{"id":1537,"date":"2024-10-31T14:17:15","date_gmt":"2024-10-31T13:17:15","guid":{"rendered":"https:\/\/akademiainzynierska.pl\/?p=1537"},"modified":"2024-10-31T14:18:43","modified_gmt":"2024-10-31T13:18:43","slug":"miks-energetyczny-magazynowanie-energii-i-energetyka-jadrowa-konkurencja-czy-synergia","status":"publish","type":"post","link":"https:\/\/akademiainzynierska.pl\/index.php\/2024\/10\/31\/miks-energetyczny-magazynowanie-energii-i-energetyka-jadrowa-konkurencja-czy-synergia\/","title":{"rendered":"Miks energetyczny. Magazynowanie energii i energetyka j\u0105drowa \u2013 konkurencja czy synergia"},"content":{"rendered":"\n<p>Autor: <strong>Jacek Nowicki<\/strong>\u00a0<\/p>\n\n\n\n<p>W artykule przedstawiono syntetyczne informacje na temat miksu energetycznego w obszarze wytwarzania energii elektrycznej dla przyk\u0142adowych 20 kraj\u00f3w europejskich i 12 kraj\u00f3w pozaeuropejskich. Om\u00f3wiono nowe kierunki rozwoju miksu energetycznego przysz\u0142o\u015bci wobec wyzwa\u0144 dekarbonizacji oraz powrotu do rozwoju energetyki j\u0105drowej w kontek\u015bcie jej wsp\u00f3\u0142pracy ze \u017ar\u00f3d\u0142ami odnawialnymi wspartymi magazynami energii.<a href=\"http:\/\/www.swe.sep.katowice.pl\/uploads\/editor\/Miks%20energetyczny_%C5%9AWE_net.pdf\"><\/a><\/p>\n\n\n\n<div class=\"wp-block-file\"><a id=\"wp-block-file--media-1dc40550-a6e5-4e3b-8d6c-d4ef6463ba25\" href=\"https:\/\/akademiainzynierska.pl\/wp-content\/uploads\/2024\/10\/Miks-energetyczny_SWE_net.pdf\" target=\"_blank\" rel=\"noreferrer noopener\">Pe\u0142na Wersja Artyku\u0142u: Miks energetyczny_\u015aWE_net<\/a><a href=\"https:\/\/akademiainzynierska.pl\/wp-content\/uploads\/2024\/10\/Miks-energetyczny_SWE_net.pdf\" class=\"wp-block-file__button wp-element-button\" download aria-describedby=\"wp-block-file--media-1dc40550-a6e5-4e3b-8d6c-d4ef6463ba25\">Pobierz-Pe\u0142na Wersja Artyku\u0142u<\/a><\/div>\n\n\n\n<p><em>Publikacja internetowa uzupe\u0142nionej wersji artyku\u0142u opublikowanej pierwotnie w numerze 2\/2024 \u201e\u015al\u0105skich Wiadomo\u015bci Elektrycznych&#8221; zosta\u0142a zrealizowana na zlecenie Ministerstwa Przemys\u0142u w ramach realizacji przez Izb\u0119 Gospodarcz\u0105 Energetyki i Ochrony \u015arodowiska szkolenia dla polskiego przemys\u0142u pod k\u0105tem wykonywania prac dla energetyki j\u0105drowej.<\/em><\/p>\n\n\n\n<figure class=\"wp-block-image size-large\"><img loading=\"lazy\" decoding=\"async\" width=\"1024\" height=\"112\" src=\"https:\/\/akademiainzynierska.pl\/wp-content\/uploads\/2024\/10\/image-1024x112.png\" alt=\"\" class=\"wp-image-1538\" srcset=\"https:\/\/akademiainzynierska.pl\/wp-content\/uploads\/2024\/10\/image-1024x112.png 1024w, https:\/\/akademiainzynierska.pl\/wp-content\/uploads\/2024\/10\/image-300x33.png 300w, https:\/\/akademiainzynierska.pl\/wp-content\/uploads\/2024\/10\/image-768x84.png 768w, https:\/\/akademiainzynierska.pl\/wp-content\/uploads\/2024\/10\/image-1536x167.png 1536w, https:\/\/akademiainzynierska.pl\/wp-content\/uploads\/2024\/10\/image-2048x223.png 2048w, https:\/\/akademiainzynierska.pl\/wp-content\/uploads\/2024\/10\/image-1226x134.png 1226w, https:\/\/akademiainzynierska.pl\/wp-content\/uploads\/2024\/10\/image-675x74.png 675w\" sizes=\"auto, (max-width: 1024px) 100vw, 1024px\" \/><\/figure>\n","protected":false},"excerpt":{"rendered":"<p>Autor: Jacek Nowicki\u00a0 W artykule przedstawiono syntetyczne informacje na temat miksu energetycznego w obszarze wytwarzania energii elektrycznej dla przyk\u0142adowych 20 kraj\u00f3w europejskich i 12 kraj\u00f3w&#8230;<\/p>\n","protected":false},"author":2,"featured_media":0,"comment_status":"closed","ping_status":"closed","sticky":false,"template":"","format":"standard","meta":{"footnotes":""},"categories":[1],"tags":[],"class_list":["post-1537","post","type-post","status-publish","format-standard","hentry","category-bez-kategorii","wpcat-1-id"],"_links":{"self":[{"href":"https:\/\/akademiainzynierska.pl\/index.php\/wp-json\/wp\/v2\/posts\/1537","targetHints":{"allow":["GET"]}}],"collection":[{"href":"https:\/\/akademiainzynierska.pl\/index.php\/wp-json\/wp\/v2\/posts"}],"about":[{"href":"https:\/\/akademiainzynierska.pl\/index.php\/wp-json\/wp\/v2\/types\/post"}],"author":[{"embeddable":true,"href":"https:\/\/akademiainzynierska.pl\/index.php\/wp-json\/wp\/v2\/users\/2"}],"replies":[{"embeddable":true,"href":"https:\/\/akademiainzynierska.pl\/index.php\/wp-json\/wp\/v2\/comments?post=1537"}],"version-history":[{"count":5,"href":"https:\/\/akademiainzynierska.pl\/index.php\/wp-json\/wp\/v2\/posts\/1537\/revisions"}],"predecessor-version":[{"id":1544,"href":"https:\/\/akademiainzynierska.pl\/index.php\/wp-json\/wp\/v2\/posts\/1537\/revisions\/1544"}],"wp:attachment":[{"href":"https:\/\/akademiainzynierska.pl\/index.php\/wp-json\/wp\/v2\/media?parent=1537"}],"wp:term":[{"taxonomy":"category","embeddable":true,"href":"https:\/\/akademiainzynierska.pl\/index.php\/wp-json\/wp\/v2\/categories?post=1537"},{"taxonomy":"post_tag","embeddable":true,"href":"https:\/\/akademiainzynierska.pl\/index.php\/wp-json\/wp\/v2\/tags?post=1537"}],"curies":[{"name":"wp","href":"https:\/\/api.w.org\/{rel}","templated":true}]}}