{"id":1436,"date":"2024-06-05T10:22:08","date_gmt":"2024-06-05T08:22:08","guid":{"rendered":"https:\/\/akademiainzynierska.pl\/?p=1436"},"modified":"2024-06-05T10:23:50","modified_gmt":"2024-06-05T08:23:50","slug":"newsletter-nr-747-2024","status":"publish","type":"post","link":"https:\/\/akademiainzynierska.pl\/index.php\/2024\/06\/05\/newsletter-nr-747-2024\/","title":{"rendered":"Newsletter Nr 7(47)\/2024"},"content":{"rendered":"\n<p>Zapraszamy do zapoznania si\u0119 z najnowszym, si\u00f3dmym w tym roku Newsletterem:<\/p>\n\n\n\n<div class=\"wp-block-file\"><a id=\"wp-block-file--media-acf51f9c-3ee6-4b3e-bed3-725ba643d0c8\" href=\"https:\/\/akademiainzynierska.pl\/wp-content\/uploads\/2024\/06\/NEWSLETTER-AIP47.pdf\" target=\"_blank\" rel=\"noreferrer noopener\">NEWSLETTER-AIP47<\/a><a href=\"https:\/\/akademiainzynierska.pl\/wp-content\/uploads\/2024\/06\/NEWSLETTER-AIP47.pdf\" class=\"wp-block-file__button wp-element-button\" download aria-describedby=\"wp-block-file--media-acf51f9c-3ee6-4b3e-bed3-725ba643d0c8\">Pobierz<\/a><\/div>\n\n\n\n<p><\/p>\n\n\n\n<p>Newsletter Nr 7(47)\/2024<\/p>\n\n\n\n<p><strong>WEBINARIA AIP<\/strong><\/p>\n\n\n\n<p>XXIV Webinarium Techniczne Akademii In\u017cynierskiej w Polsce odby\u0142o si\u0119 we wtorek 14 maja 2024 roku za po\u015brednictwem platformy internetowej ZOOM. Wyk\u0142ad pt. \u201eDigital Twins towards Structural Health Monitoring of Offshore Wind Power\u201d wyg\u0142osi\u0142 profesor Politechniki OpolskiejZhixiong Li, przyj\u0119ty do Akademii In\u017cynierskiej w Polsce podczas 42. Zgromadzenia Og\u00f3lnego AIP w&nbsp;Poznaniu.<\/p>\n\n\n\n<p>Kolejne webinarium AIP odb\u0119dzie si\u0119 we wtorek 11 czerwca 2024 r. o godz. 16:00 w trybie zdalnym za po\u015brednictwem platformy ZOOM. Wyk\u0142ad pt. \u201eWybrane problemy oceny wielko\u015bci cz\u0105stek Fe<sub>3<\/sub>C po ulepszaniu cieplnym\u201d wyg\u0142osi dr in\u017c. Jerzy Stodolny, emerytowany pracownik ArcelorMittal O\/Krak\u00f3w. Link do webinarium zostanie umieszczony na stronie <a href=\"https:\/\/akademiainzynierska.pl\">https:\/\/akademiainzynierska.pl<\/a> w przededniu wydarzenia.<\/p>\n\n\n\n<p><strong>WYSTAWA \u201ePROFESOR PIOTR WOLA\u0143SKI CZ\u0141OWIEK I DZIE\u0141O\u201d<\/strong><\/p>\n\n\n\n<p>Muzeum Politechniki Warszawskiej zorganizowa\u0142o wystaw\u0119 \u201eProfesor Piotr Wola\u0144ski cz\u0142owiek i&nbsp;dzie\u0142o\u201d, ze zbior\u00f3w: Ewy Wola\u0144skiej, dr. in\u017c. Jacka Szymczyka z Wydzia\u0142u Mechanicznego Energetyki i Lotnictwa Politechniki Warszawskiej, Studenckiego Ko\u0142a Astronautycznego przy Wydziale Mechanicznym Energetyki i Lotnictwa Politechniki Warszawskiej, Sieci Badawczej \u0141ukasiewicz \u2013 Instytutu Lotnictwa. W dniu 9 maja 2024 roku odby\u0142 si\u0119 wernisa\u017c wystawy.<\/p>\n\n\n\n<figure class=\"wp-block-image size-large\"><img loading=\"lazy\" decoding=\"async\" width=\"1024\" height=\"566\" src=\"https:\/\/akademiainzynierska.pl\/wp-content\/uploads\/2024\/06\/new1-1024x566.jpg\" alt=\"\" class=\"wp-image-1439\" srcset=\"https:\/\/akademiainzynierska.pl\/wp-content\/uploads\/2024\/06\/new1-1024x566.jpg 1024w, https:\/\/akademiainzynierska.pl\/wp-content\/uploads\/2024\/06\/new1-300x166.jpg 300w, https:\/\/akademiainzynierska.pl\/wp-content\/uploads\/2024\/06\/new1-768x424.jpg 768w, https:\/\/akademiainzynierska.pl\/wp-content\/uploads\/2024\/06\/new1-675x373.jpg 675w, https:\/\/akademiainzynierska.pl\/wp-content\/uploads\/2024\/06\/new1.jpg 1200w\" sizes=\"auto, (max-width: 1024px) 100vw, 1024px\" \/><\/figure>\n\n\n\n<p>Wernisa\u017c wystawy po\u015bwi\u0119conej prof. Wola\u0144skiemu (fot. Andrzej Pachuta)<\/p>\n\n\n\n<p>Wernisa\u017c otworzy\u0142 dyrektor muzeum Politechniki Warszawskiej doc. dr in\u017c. Wojciech Urba\u0144ski. Powita\u0142 on przyby\u0142ych na uroczysto\u015b\u0107 prorektora PW prof. Mariusza Malinowskiego oraz przedstawicieli wielu firm, z kt\u00f3rymi profesor Wola\u0144ski wsp\u00f3\u0142pracowa\u0142. Szczeg\u00f3lnie serdecznie powita\u0142 ma\u0142\u017conk\u0119 profesora Ew\u0119 Wola\u0144sk\u0105 oraz c\u00f3rki i wnuk\u00f3w. Kr\u00f3tk\u0105 charakterystyk\u0119 Profesora przedstawi\u0142 prorektor. Wiele ciep\u0142ych s\u0142\u00f3w pad\u0142o z ust \u017cony i c\u00f3rki. Wspomnieniami podzieli\u0142 si\u0119 mi\u0119dzy innymi te\u017c przyjaciel profesora Wola\u0144skiego, by\u0142y dyrektor NASA John F. Hall. Profesor Wola\u0144ski by\u0142 inicjatorem powstania Studenckiego Ko\u0142a Astronautycznego. Dzi\u0119ki niemu w&nbsp;przestrze\u0144 kosmiczn\u0105 wystrzelone zosta\u0142y pierwsze studenckie satelity PW-SAT. Od wielu lat by\u0142 cz\u0142onkiem Akademii In\u017cynierskiej w Polsce. Wystawa b\u0119dzie dost\u0119pna dla zwiedzaj\u0105cych w dniach 9 maja \u2013 31 sierpnia 2024 roku.<\/p>\n\n\n\n<p><strong>ZGROMADZENIE CAETS W HELSINKACH<\/strong><\/p>\n\n\n\n<p>W dniach 1-4 lipca 2024 roku w Helsinkach w Finlandii odb\u0119dzie si\u0119 coroczne zgromadzenie CAETS. W ramach spotkania odb\u0119dzie si\u0119 konferencja na temat technologii neutralnych pod wzgl\u0119dem emisji dwutlenku w\u0119gla. Szczeg\u00f3\u0142owy program znajduje si\u0119 na stronie <a href=\"https:\/\/www.caets2024.org\/\">https:\/\/www.caets2024.org\/<\/a><\/p>\n\n\n\n<p><strong>SUKCESY CZ\u0141ONK\u00d3W AIP<\/strong><\/p>\n\n\n\n<p>Gratulujemy <strong>prof. Grzegorzowi Kr\u00f3lczykowi<\/strong>, prorektorowi ds. nauki i rozwoju Politechniki Opolskiej, z okazji wyboru na przewodnicz\u0105cego Rady ds. innowacji w szkolnictwie wy\u017cszym i nauce. Licz\u0105ca 12 os\u00f3b rada jest organem doradczym ministra nauki, a do jej zada\u0144 nale\u017cy identyfikacja i analiza problem\u00f3w w zakresie polityki innowacyjno\u015bci w obszarze szkolnictwa wy\u017cszego i nauki. Wi\u0119cej informacji na stronie <a href=\"https:\/\/ludzie.nauka.gov.pl\/wp\/aktualnosci\/prof-grzegorz-krolczyk-przewodniczacym-rady-ds-innowacji-w-szkolnictwie-wyzszym-i-nauce\/\">https:\/\/ludzie.nauka.gov.pl\/wp\/aktualnosci\/prof-grzegorz-krolczyk-przewodniczacym-rady-ds-innowacji-w-szkolnictwie-wyzszym-i-nauce\/<\/a>.<\/p>\n\n\n\n<p>Prezes Akademii In\u017cynierskiej w&nbsp;Polsce prof. Jerzy Barglik przekaza\u0142 gratulacje <strong>prof. Zbigniewowi D\u0105browskiemu<\/strong> z okazji uzyskania godno\u015bci profesora honorowego Politechniki \u015al\u0105skiej. W&nbsp;przekazanym pi\u015bmie zaznaczy\u0142, \u017ce wyr\u00f3\u017cnienie honorowe dobitnie podkre\u015bla wybitne osi\u0105gni\u0119cia naukowe Pana Profesora.<\/p>\n\n\n\n<figure class=\"wp-block-image size-large\"><img loading=\"lazy\" decoding=\"async\" width=\"872\" height=\"1024\" src=\"https:\/\/akademiainzynierska.pl\/wp-content\/uploads\/2024\/06\/new2-872x1024.jpg\" alt=\"\" class=\"wp-image-1440\" srcset=\"https:\/\/akademiainzynierska.pl\/wp-content\/uploads\/2024\/06\/new2-872x1024.jpg 872w, https:\/\/akademiainzynierska.pl\/wp-content\/uploads\/2024\/06\/new2-255x300.jpg 255w, https:\/\/akademiainzynierska.pl\/wp-content\/uploads\/2024\/06\/new2-768x902.jpg 768w, https:\/\/akademiainzynierska.pl\/wp-content\/uploads\/2024\/06\/new2-675x793.jpg 675w, https:\/\/akademiainzynierska.pl\/wp-content\/uploads\/2024\/06\/new2.jpg 900w\" sizes=\"auto, (max-width: 872px) 100vw, 872px\" \/><\/figure>\n\n\n\n<p>Na fotografii Zbigniew D\u0105browski i Wojciech Batko<\/p>\n\n\n\n<figure class=\"wp-block-image size-full\"><img loading=\"lazy\" decoding=\"async\" width=\"567\" height=\"799\" src=\"https:\/\/akademiainzynierska.pl\/wp-content\/uploads\/2024\/06\/new3.jpg\" alt=\"\" class=\"wp-image-1441\" srcset=\"https:\/\/akademiainzynierska.pl\/wp-content\/uploads\/2024\/06\/new3.jpg 567w, https:\/\/akademiainzynierska.pl\/wp-content\/uploads\/2024\/06\/new3-213x300.jpg 213w\" sizes=\"auto, (max-width: 567px) 100vw, 567px\" \/><\/figure>\n\n\n\n<p><strong>WYDARZENIA OBJ\u0118TE PATRONTEM AKADEMII IN\u017bYNIERSKIEJ W POLSCE<\/strong><\/p>\n\n\n\n<p>Dla uczczenia jubileuszu 105-lecia Oddzia\u0142u Zag\u0142\u0119bia W\u0119glowego Stowarzyszenia Elektryk\u00f3w Polskich w dniach 15-16 maja 2024 roku w Katowicach zorganizowano XI Katowickie Dni Elektryki. W ramach wydarzenia odby\u0142a si\u0119 konferencja naukowo-techniczna pt. \u201eWyzwania dla Energetyki XXI wieku &#8211; transformacja, legislacja, nowe technologie\u201d.<\/p>\n\n\n\n<p>Z okazji 10 lat kszta\u0142cenia na kierunkach in\u017cynierskich w Ma\u0142opolskiej Uczelni Pa\u0144stwowej w&nbsp;O\u015bwi\u0119cimiu 16 maj 2024 r. odby\u0142a si\u0119 Mi\u0119dzynarodowa Konferencja \u201eZarz\u0105dzanie i In\u017cynieria produkcji w dobie Przemys\u0142u 5.0 \u2013 Gospodarka oparta na wiedzy\u201d.<\/p>\n\n\n\n<p>We wsp\u00f3\u0142pracy z platform\u0105 konkursow\u0105 Prize Charger odbywa si\u0119 PCCon \u2013 seria turniej\u00f3w wiedzy o komputerach oraz technologii IT. Pierwsza edycja turnieju obejmowa\u0142a komputery osobiste z lat 80 i 90 oraz pocz\u0105tki sztucznej inteligencji si\u0119gaj\u0105ce lat 50-tych XX wieku. Z fina\u0142em I edycji turnieju PCCon mo\u017cna zapozna\u0107 si\u0119 na filmie <a href=\"https:\/\/www.youtube.com\/watch?v=EdsNzSeXocI\">https:\/\/www.youtube.com\/watch?v=EdsNzSeXocI<\/a>. Przypomnijmy, \u017ce inicjatorem organizacji konkursu jest wiceprezes NOT, skarbnik AIP Kamil W\u00f3jcik.<\/p>\n\n\n\n<figure class=\"wp-block-image size-large\"><img loading=\"lazy\" decoding=\"async\" width=\"1024\" height=\"832\" src=\"https:\/\/akademiainzynierska.pl\/wp-content\/uploads\/2024\/06\/new4-1024x832.jpg\" alt=\"\" class=\"wp-image-1442\" srcset=\"https:\/\/akademiainzynierska.pl\/wp-content\/uploads\/2024\/06\/new4-1024x832.jpg 1024w, https:\/\/akademiainzynierska.pl\/wp-content\/uploads\/2024\/06\/new4-300x244.jpg 300w, https:\/\/akademiainzynierska.pl\/wp-content\/uploads\/2024\/06\/new4-768x624.jpg 768w, https:\/\/akademiainzynierska.pl\/wp-content\/uploads\/2024\/06\/new4-1536x1248.jpg 1536w, https:\/\/akademiainzynierska.pl\/wp-content\/uploads\/2024\/06\/new4-2048x1664.jpg 2048w, https:\/\/akademiainzynierska.pl\/wp-content\/uploads\/2024\/06\/new4-1226x996.jpg 1226w, https:\/\/akademiainzynierska.pl\/wp-content\/uploads\/2024\/06\/new4-675x549.jpg 675w\" sizes=\"auto, (max-width: 1024px) 100vw, 1024px\" \/><\/figure>\n\n\n\n<p>Fina\u0142 I edycji turnieju PCCon<\/p>\n","protected":false},"excerpt":{"rendered":"<p>Zapraszamy do zapoznania si\u0119 z najnowszym, si\u00f3dmym w tym roku Newsletterem: Newsletter Nr 7(47)\/2024 WEBINARIA AIP XXIV Webinarium Techniczne Akademii In\u017cynierskiej w Polsce odby\u0142o si\u0119&#8230;<\/p>\n","protected":false},"author":2,"featured_media":0,"comment_status":"closed","ping_status":"closed","sticky":false,"template":"","format":"standard","meta":{"footnotes":""},"categories":[1],"tags":[],"class_list":["post-1436","post","type-post","status-publish","format-standard","hentry","category-bez-kategorii","wpcat-1-id"],"_links":{"self":[{"href":"https:\/\/akademiainzynierska.pl\/index.php\/wp-json\/wp\/v2\/posts\/1436","targetHints":{"allow":["GET"]}}],"collection":[{"href":"https:\/\/akademiainzynierska.pl\/index.php\/wp-json\/wp\/v2\/posts"}],"about":[{"href":"https:\/\/akademiainzynierska.pl\/index.php\/wp-json\/wp\/v2\/types\/post"}],"author":[{"embeddable":true,"href":"https:\/\/akademiainzynierska.pl\/index.php\/wp-json\/wp\/v2\/users\/2"}],"replies":[{"embeddable":true,"href":"https:\/\/akademiainzynierska.pl\/index.php\/wp-json\/wp\/v2\/comments?post=1436"}],"version-history":[{"count":2,"href":"https:\/\/akademiainzynierska.pl\/index.php\/wp-json\/wp\/v2\/posts\/1436\/revisions"}],"predecessor-version":[{"id":1446,"href":"https:\/\/akademiainzynierska.pl\/index.php\/wp-json\/wp\/v2\/posts\/1436\/revisions\/1446"}],"wp:attachment":[{"href":"https:\/\/akademiainzynierska.pl\/index.php\/wp-json\/wp\/v2\/media?parent=1436"}],"wp:term":[{"taxonomy":"category","embeddable":true,"href":"https:\/\/akademiainzynierska.pl\/index.php\/wp-json\/wp\/v2\/categories?post=1436"},{"taxonomy":"post_tag","embeddable":true,"href":"https:\/\/akademiainzynierska.pl\/index.php\/wp-json\/wp\/v2\/tags?post=1436"}],"curies":[{"name":"wp","href":"https:\/\/api.w.org\/{rel}","templated":true}]}}